{"id":14,"date":"2017-05-30T08:29:49","date_gmt":"2017-05-30T08:29:49","guid":{"rendered":"http:\/\/dienasgramata.com\/?p=14"},"modified":"2017-05-30T08:29:52","modified_gmt":"2017-05-30T08:29:52","slug":"briniskigs-veids-atbrivoties-no-nevelamiem-matiniem-fotoepilacija","status":"publish","type":"post","link":"https:\/\/dienasgramata.com\/lv\/briniskigs-veids-atbrivoties-no-nevelamiem-matiniem-fotoepilacija\/","title":{"rendered":"Br\u012bni\u0161\u0137\u012bgs veids atbr\u012bvoties no nev\u0113lamiem mati\u0146iem \u2013 fotoepil\u0101cija"},"content":{"rendered":"<p\n style=\"text-align: justify;\"><img loading=\"lazy\" class=\"aligncenter size-full wp-image-15\" src=\"http:\/\/dienasgramata.com\/wp-content\/uploads\/2017\/05\/lielisk\u0101-fotoepil\u0101cija.jpg\" alt=\"lielisk\u0101 fotoepil\u0101cija\" width=\"515\" height=\"600\" srcset=\"https:\/\/dienasgramata.com\/wp-content\/uploads\/2017\/05\/lielisk\u0101-fotoepil\u0101cija.jpg 515w, https:\/\/dienasgramata.com\/wp-content\/uploads\/2017\/05\/lielisk\u0101-fotoepil\u0101cija-258x300.jpg 258w\" sizes=\"(max-width: 515px) 85vw, 515px\" \/><\/p>\n<p\n style=\"text-align: justify;\">Skaistumkop\u0161ana ir v\u0101rds, kas nevienam nav sve\u0161s, \u012bpa\u0161i dai\u013c\u0101 dzimuma p\u0101rst\u0101v\u0113m. M\u016bsdien\u0101s pied\u0101v\u0101jums skaistumkop\u0161an\u0101 arvien palielin\u0101s, kas var\u0113tu b\u016bt pamat\u0101 lielajai tehnolo\u0123iju att\u012bst\u012bbai. Viena no \u0161\u012bm inov\u0101cij\u0101m ir fotoepil\u0101cija. Proced\u016bra, kura noteikti atvieglotu jebkuras sievietes ikdienu, un ne tikai sievietes. <a href=\"https:\/\/dienasgramata.com\/lv\/briniskigs-veids-atbrivoties-no-nevelamiem-matiniem-fotoepilacija\/#more-14\" class=\"more-link\">(vair\u0101k&hellip;)<\/a><\/p>\n","protected":false},"excerpt":{"rendered":"<p style=\"text-align: justify;\"><img loading=\"lazy\" class=\"aligncenter size-full wp-image-15\" src=\"http:\/\/dienasgramata.com\/wp-content\/uploads\/2017\/05\/lielisk\u0101-fotoepil\u0101cija.jpg\" alt=\"lielisk\u0101 fotoepil\u0101cija\" width=\"515\" height=\"600\" srcset=\"https:\/\/dienasgramata.com\/wp-content\/uploads\/2017\/05\/lielisk\u0101-fotoepil\u0101cija.jpg 515w, https:\/\/dienasgramata.com\/wp-content\/uploads\/2017\/05\/lielisk\u0101-fotoepil\u0101cija-258x300.jpg 258w\" sizes=\"(max-width: 515px) 85vw, 515px\" \/><\/p>\n<p style=\"text-align: ju... \n\n","protected":false},"author":1,"featured_media":0,"comment_status":"open","ping_status":"open","sticky":false,"template":"","format":"standard","meta":[],"categories":[7,6,8],"tags":[9],"_links":{"self":[{"href":"https:\/\/dienasgramata.com\/lv\/wp-json\/wp\/v2\/posts\/14"}],"collection":[{"href":"https:\/\/dienasgramata.com\/lv\/wp-json\/wp\/v2\/posts"}],"about":[{"href":"https:\/\/dienasgramata.com\/lv\/wp-json\/wp\/v2\/types\/post"}],"author":[{"embeddable":true,"href":"https:\/\/dienasgramata.com\/lv\/wp-json\/wp\/v2\/users\/1"}],"replies":[{"embeddable":true,"href":"https:\/\/dienasgramata.com\/lv\/wp-json\/wp\/v2\/comments?post=14"}],"version-history":[{"count":1,"href":"https:\/\/dienasgramata.com\/lv\/wp-json\/wp\/v2\/posts\/14\/revisions"}],"predecessor-version":[{"id":16,"href":"https:\/\/dienasgramata.com\/lv\/wp-json\/wp\/v2\/posts\/14\/revisions\/16"}],"wp:attachment":[{"href":"https:\/\/dienasgramata.com\/lv\/wp-json\/wp\/v2\/media?parent=14"}],"wp:term":[{"taxonomy":"category","embeddable":true,"href":"https:\/\/dienasgramata.com\/lv\/wp-json\/wp\/v2\/categories?post=14"},{"taxonomy":"post_tag","embeddable":true,"href":"https:\/\/dienasgramata.com\/lv\/wp-json\/wp\/v2\/tags?post=14"}],"curies":[{"name":"wp","href":"https:\/\/api.w.org\/{rel}","templated":true}]}}